{"id":1760,"date":"2022-07-25T15:15:13","date_gmt":"2022-07-25T13:15:13","guid":{"rendered":"http:\/\/hillerschevilla.de\/netzwerkstatt-blog\/?p=1760"},"modified":"2022-08-01T14:35:57","modified_gmt":"2022-08-01T12:35:57","slug":"anne-frank-war-zu-gast-in-zittau-was-geblieben-ist","status":"publish","type":"post","link":"http:\/\/hillerschevilla.de\/netzwerkstatt-blog\/anne-frank-war-zu-gast-in-zittau-was-geblieben-ist\/","title":{"rendered":"Anne Frank war zu Gast in Zittau: Was geblieben\u00a0ist"},"content":{"rendered":"\n<p>Mehr als 77 Jahre ist es her, dass gut 700 km von Zittau entfernt in Amsterdam eine Teenagerin ihre Gedanken und Gef\u00fchle einem Tagebuch anvertraute. Was allt\u00e4glich klingt und dazu noch weit vom hier und jetzt entfernt scheint, wirkt jedoch bis heute. Das M\u00e4dchen war Anne Frank. In ihrem Tagebuch beschrieb sie die Verfolgung durch die Nationalsozialisten, das Leben im Versteck, die Angst entdeckt zu werden, aber auch die Hoffnungen und W\u00fcnsche einer Jugendlichen.<\/p>\n\n\n\n<p>Mit unserer Stadt scheint das auf den ersten Blick im Jahr 2022 nicht viel zu tun haben. Dass dem nicht so ist, bewiesen die 33 Peer-Guides, 800 Sch\u00fcler:innen der umliegenden Schulen, zahlreiche Engagierte und Besucher:innen in der Ausstellung <a href=\"https:\/\/deine-anne-zittau.info\">\u00bbDeine Anne. Ein M\u00e4dchen schreibt Geschichte\u00ab<\/a>, die vom 15. Juni bis 14. Juli in der Johanniskirche Zittau zu sehen war. Insgesamt haben sich ca. 130 Menschen als Peer-Guides, Vorleser:innen, Organisator:innen des Begleitprogramms oder Mitwirkende bei der Kunstaktion \u201eTagebuchanst\u00f6\u00dfe im Stadtraum\u201c \u2013 meist ehrenamtlich \u2013 engagiert. Das Rahmenprogramm und ein Gro\u00dfteil der Werbung wurde fast ausschlie\u00dflich aus Spenden bestritten, die uns \u00fcber 20 lokale Unternehmen und Einzelpersonen erm\u00f6glichten.<\/p>\n\n\n\n<p><\/p>\n\n\n<div class=\"wp-block-image\">\n<figure class=\"aligncenter size-full\"><img decoding=\"async\" loading=\"lazy\" width=\"2560\" height=\"1443\" src=\"http:\/\/hillerschevilla.de\/netzwerkstatt-blog\/wp-content\/uploads\/2022\/08\/DSC_0084-scaled.jpg\" alt=\"\" class=\"wp-image-1780\" srcset=\"http:\/\/hillerschevilla.de\/netzwerkstatt-blog\/wp-content\/uploads\/2022\/08\/DSC_0084-scaled.jpg 2560w, http:\/\/hillerschevilla.de\/netzwerkstatt-blog\/wp-content\/uploads\/2022\/08\/DSC_0084-290x163.jpg 290w, http:\/\/hillerschevilla.de\/netzwerkstatt-blog\/wp-content\/uploads\/2022\/08\/DSC_0084-449x253.jpg 449w, http:\/\/hillerschevilla.de\/netzwerkstatt-blog\/wp-content\/uploads\/2022\/08\/DSC_0084-940x530.jpg 940w, http:\/\/hillerschevilla.de\/netzwerkstatt-blog\/wp-content\/uploads\/2022\/08\/DSC_0084-768x433.jpg 768w, http:\/\/hillerschevilla.de\/netzwerkstatt-blog\/wp-content\/uploads\/2022\/08\/DSC_0084-1536x866.jpg 1536w, http:\/\/hillerschevilla.de\/netzwerkstatt-blog\/wp-content\/uploads\/2022\/08\/DSC_0084-2048x1154.jpg 2048w, http:\/\/hillerschevilla.de\/netzwerkstatt-blog\/wp-content\/uploads\/2022\/08\/DSC_0084-211x119.jpg 211w\" sizes=\"(max-width: 2560px) 100vw, 2560px\" \/><figcaption>Eine Peer Guide F\u00fchrung durch die Ausstellung<\/figcaption><\/figure><\/div>\n\n\n<p>Die Wanderausstellung des Anne Frank Zentrums erz\u00e4hlt von Annes Aufwachsen im Deutschland der fr\u00fchen 1930er Jahre, dem Leben der Familie Frank in Amsterdam ab 1934, den Restriktionen gegen sie, der Verfolgung der niederl\u00e4ndischen J\u00fcdinnen und Juden ab 1940, dem Zusammenleben im Versteck, den Helfer:innen, dem Verrat und schlie\u00dflich der Ermordung Annes und der anderen Versteckten. Die Ausstellung zeigt damit wie der nationalsozialistische Terror ein Familienleben beeinflusste und letztlich zerst\u00f6rte. Annes Aufzeichnungen geben acht Verfolgten von den \u00fcber 6 Millionen j\u00fcdischen Opfern ein Gesicht.<\/p>\n\n\n\n<p>In einem zweiten Teil der Ausstellung konnten sich die Besucher:innen mit den Hintergr\u00fcnden von Ausgrenzung und deren Folgen auseinandersetzen. Was macht mich und mein Gegen\u00fcber aus? Was definiert uns? Wer geh\u00f6rt zu uns, wer nicht? In welchen Schubladen denken wir? Dieser Teil der Ausstellung regt durch die direkte Ansprache zur Reflektion pers\u00f6nlicher Erlebnisse an.<\/p>\n\n\n\n<p>Unkommentiert blieben die Inhalte der Ausstellung in Zittau aber nicht. 27 Sch\u00fcler:innen f\u00fchrten Schulklassen aus der Umgebung durch die Ausstellung. Ebenso vermittelten sechs erwachsene Peer-Guides Gruppen die Inhalte. Ein vielf\u00e4ltiges Begleitprogramm aus Lesungen, Konzerten, Theater und Workshops trug die Themen zus\u00e4tzlich in die Stadtgesellschaft.<br>Anne Franks Erlebnisse liegen zwar weit zur\u00fcck, an Aktualit\u00e4t hat die Auseinandersetzung mit ihnen aber nicht verloren. Wenn demokratische Werte in Frage gestellt werden und \u201ealternative Fakten\u201c weder erkannt noch hinterfragt werden, kann uns Annes Geschichte vor Augen f\u00fchren, wohin die vermeintlichen L\u00f6sungsans\u00e4tze des Populismus f\u00fchren k\u00f6nnen.<\/p>\n\n\n\n<p>Das Projekt \u201eDeine Anne\u201c in Zittau endete zwar am 14. Juli mit der Finissage in der Johanniskirche, ohne Nachhall bleibt es aber vermutlich nicht. Neben dem gro\u00dfen Dank an alle Beteiligte und besonders an die Peer-Guides stellte sich auch die Frage \u201eWas bleibt?\u201c. Zwei jugendliche Ausstellungsvermittler:innen des Projektes und zwei heute erwachsene Frauen, die vor \u00fcber 20 Jahren Peer-Guides des Anne Frank Ausstellung waren, erz\u00e4hlten von ihren Eindr\u00fccken, ihren Beweggr\u00fcnden und davon, was sie aus den Projekten mitgenommen haben.<\/p>\n\n\n\n<div class=\"wp-block-columns is-layout-flex wp-container-3 wp-block-columns-is-layout-flex\">\n<div class=\"wp-block-column is-layout-flow wp-block-column-is-layout-flow\" style=\"flex-basis:66.66%\">\n<figure class=\"wp-block-image size-full\"><img decoding=\"async\" loading=\"lazy\" width=\"2560\" height=\"1707\" src=\"http:\/\/hillerschevilla.de\/netzwerkstatt-blog\/wp-content\/uploads\/2022\/08\/2022-07-14_Finissage_Nico_56-scaled.jpg\" alt=\"\" class=\"wp-image-1772\" srcset=\"http:\/\/hillerschevilla.de\/netzwerkstatt-blog\/wp-content\/uploads\/2022\/08\/2022-07-14_Finissage_Nico_56-scaled.jpg 2560w, http:\/\/hillerschevilla.de\/netzwerkstatt-blog\/wp-content\/uploads\/2022\/08\/2022-07-14_Finissage_Nico_56-290x193.jpg 290w, http:\/\/hillerschevilla.de\/netzwerkstatt-blog\/wp-content\/uploads\/2022\/08\/2022-07-14_Finissage_Nico_56-449x299.jpg 449w, http:\/\/hillerschevilla.de\/netzwerkstatt-blog\/wp-content\/uploads\/2022\/08\/2022-07-14_Finissage_Nico_56-940x627.jpg 940w, http:\/\/hillerschevilla.de\/netzwerkstatt-blog\/wp-content\/uploads\/2022\/08\/2022-07-14_Finissage_Nico_56-768x512.jpg 768w, http:\/\/hillerschevilla.de\/netzwerkstatt-blog\/wp-content\/uploads\/2022\/08\/2022-07-14_Finissage_Nico_56-1536x1024.jpg 1536w, http:\/\/hillerschevilla.de\/netzwerkstatt-blog\/wp-content\/uploads\/2022\/08\/2022-07-14_Finissage_Nico_56-2048x1365.jpg 2048w, http:\/\/hillerschevilla.de\/netzwerkstatt-blog\/wp-content\/uploads\/2022\/08\/2022-07-14_Finissage_Nico_56-211x141.jpg 211w\" sizes=\"(max-width: 2560px) 100vw, 2560px\" \/><figcaption>Die Abschlussveranstaltung wurde musikalisch vom <a href=\"https:\/\/www.kulturraum-on.de\/de_DE\/einrichtungen\/philmehr-philharmonische-bruecken-e-v.57092\">PhilMehr! e.V<\/a>. begleitet, \u00a9Nico Gubsch<\/figcaption><\/figure>\n<\/div>\n\n\n\n<div class=\"wp-block-column is-layout-flow wp-block-column-is-layout-flow\" style=\"flex-basis:33.33%\">\n<figure class=\"wp-block-image size-full\"><img decoding=\"async\" loading=\"lazy\" width=\"1920\" height=\"2560\" src=\"http:\/\/hillerschevilla.de\/netzwerkstatt-blog\/wp-content\/uploads\/2022\/08\/2022-07-14_Finissage_Nico_31-edited-scaled.jpg\" alt=\"\" class=\"wp-image-1774\" srcset=\"http:\/\/hillerschevilla.de\/netzwerkstatt-blog\/wp-content\/uploads\/2022\/08\/2022-07-14_Finissage_Nico_31-edited-scaled.jpg 1920w, http:\/\/hillerschevilla.de\/netzwerkstatt-blog\/wp-content\/uploads\/2022\/08\/2022-07-14_Finissage_Nico_31-edited-165x220.jpg 165w, http:\/\/hillerschevilla.de\/netzwerkstatt-blog\/wp-content\/uploads\/2022\/08\/2022-07-14_Finissage_Nico_31-edited-228x304.jpg 228w, http:\/\/hillerschevilla.de\/netzwerkstatt-blog\/wp-content\/uploads\/2022\/08\/2022-07-14_Finissage_Nico_31-edited-518x690.jpg 518w, http:\/\/hillerschevilla.de\/netzwerkstatt-blog\/wp-content\/uploads\/2022\/08\/2022-07-14_Finissage_Nico_31-edited-768x1024.jpg 768w, http:\/\/hillerschevilla.de\/netzwerkstatt-blog\/wp-content\/uploads\/2022\/08\/2022-07-14_Finissage_Nico_31-edited-1152x1536.jpg 1152w, http:\/\/hillerschevilla.de\/netzwerkstatt-blog\/wp-content\/uploads\/2022\/08\/2022-07-14_Finissage_Nico_31-edited-1536x2048.jpg 1536w, http:\/\/hillerschevilla.de\/netzwerkstatt-blog\/wp-content\/uploads\/2022\/08\/2022-07-14_Finissage_Nico_31-edited-113x150.jpg 113w\" sizes=\"(max-width: 1920px) 100vw, 1920px\" \/><figcaption>OB Thomas Zenker spricht auf der Abschlussveranstaltung, \u00a9Nico Gubsch<\/figcaption><\/figure>\n<\/div>\n<\/div>\n\n\n\n<p>Projekte wie dieses k\u00f6nnen nicht nur ganze Biografien durch eine sp\u00e4tere Berufswahl oder den Einsatz f\u00fcrs Ehrenamt pr\u00e4gen. Das Projekt hat das Potenzial, nachhaltig f\u00fcr das Thema der Diskriminierung zu sensibilisieren und die Aktualit\u00e4t im Vergangenen erkennbar zu machen.<\/p>\n\n\n\n<p>Und auch zuk\u00fcnftig, m\u00f6chte die Netzwerkstatt mit Peer Guides, interessierten und engagierten Menschen der Stadtgesellschaft weitere Themen umsetzen und sich Inhalten n\u00e4hern \u2013 gern informieren wir Sie dar\u00fcber und laden zum Mitmachen ein.<\/p>\n","protected":false},"excerpt":{"rendered":"<p>Insgesamt haben sich ca. 130 Menschen als Peer-Guides, Vorleser:innen, Organisator:innen des Begleitprogramms oder Mitwirkende bei der Kunstaktion \u201eTagebuchanst\u00f6\u00dfe im Stadtraum\u201c \u2013 meist ehrenamtlich \u2013 engagiert.<\/p>\n","protected":false},"author":1,"featured_media":1786,"comment_status":"open","ping_status":"open","sticky":false,"template":"","format":"standard","meta":{"_themeisle_gutenberg_block_has_review":false,"footnotes":""},"categories":[148,1,149],"tags":[72,17,173],"jetpack_featured_media_url":"http:\/\/hillerschevilla.de\/netzwerkstatt-blog\/wp-content\/uploads\/2022\/07\/Abschlussbeitrag-AF-Thumbnail-scaled.jpg","_links":{"self":[{"href":"http:\/\/hillerschevilla.de\/netzwerkstatt-blog\/wp-json\/wp\/v2\/posts\/1760"}],"collection":[{"href":"http:\/\/hillerschevilla.de\/netzwerkstatt-blog\/wp-json\/wp\/v2\/posts"}],"about":[{"href":"http:\/\/hillerschevilla.de\/netzwerkstatt-blog\/wp-json\/wp\/v2\/types\/post"}],"author":[{"embeddable":true,"href":"http:\/\/hillerschevilla.de\/netzwerkstatt-blog\/wp-json\/wp\/v2\/users\/1"}],"replies":[{"embeddable":true,"href":"http:\/\/hillerschevilla.de\/netzwerkstatt-blog\/wp-json\/wp\/v2\/comments?post=1760"}],"version-history":[{"count":10,"href":"http:\/\/hillerschevilla.de\/netzwerkstatt-blog\/wp-json\/wp\/v2\/posts\/1760\/revisions"}],"predecessor-version":[{"id":1788,"href":"http:\/\/hillerschevilla.de\/netzwerkstatt-blog\/wp-json\/wp\/v2\/posts\/1760\/revisions\/1788"}],"wp:featuredmedia":[{"embeddable":true,"href":"http:\/\/hillerschevilla.de\/netzwerkstatt-blog\/wp-json\/wp\/v2\/media\/1786"}],"wp:attachment":[{"href":"http:\/\/hillerschevilla.de\/netzwerkstatt-blog\/wp-json\/wp\/v2\/media?parent=1760"}],"wp:term":[{"taxonomy":"category","embeddable":true,"href":"http:\/\/hillerschevilla.de\/netzwerkstatt-blog\/wp-json\/wp\/v2\/categories?post=1760"},{"taxonomy":"post_tag","embeddable":true,"href":"http:\/\/hillerschevilla.de\/netzwerkstatt-blog\/wp-json\/wp\/v2\/tags?post=1760"}],"curies":[{"name":"wp","href":"https:\/\/api.w.org\/{rel}","templated":true}]}}