{"id":2123,"date":"2023-02-17T11:38:26","date_gmt":"2023-02-17T10:38:26","guid":{"rendered":"http:\/\/hillerschevilla.de\/netzwerkstatt-blog\/?p=2123"},"modified":"2023-06-06T14:17:35","modified_gmt":"2023-06-06T12:17:35","slug":"unsterblichkeit-der-sterne","status":"publish","type":"post","link":"http:\/\/hillerschevilla.de\/netzwerkstatt-blog\/unsterblichkeit-der-sterne\/","title":{"rendered":"UNSTERBLICHKEIT DER STERNE"},"content":{"rendered":"\n<p><strong>Verb(r)annte B\u00fccher, \u201everfemte\u201c Komponisten, unsterbliche Biografien.<\/strong><\/p>\n\n\n\n<p><strong><em>Ein literarisch-musikalischer Abend im Gedenken an die Opfer der deutschlandweiten B\u00fccherverbrennung 1933.<\/em><\/strong> <strong><em>Gegen das Vergessen!<\/em><\/strong><\/p>\n\n\n\n<p>Die B\u00fccherverbrennung im Fr\u00fchjahr 1933, die Zerst\u00f6rung des literarischen und aufkl\u00e4rerischen Geistes, die Vernichtung des modernen geistigen Europas und der Aufbau diffiziler Feindbilder war der lodernde Auftakt der folgenden Barbarei. Der Aufkl\u00e4rung verpflichtete Literatur wurde tonnenweise ins Feuer geworfen und somit der \u201eflackernde Niedergang\u201c eines besonderen kulturellen Bewusstseins eingeleitet. Mord und Selbstmord zugleich? <\/p>\n\n\n\n<p>Die Veranstaltung erinnert an die B\u00fccherverbrennung in Zittau am 8. M\u00e4rz 1933 und all die vielen &#8222;verschwundenen&#8220; B\u00fccher in der Zeit des Nationalsozialismus: Sie erinnert daran, wie eine damalige wissenschaftliche Elite den deutschen Geist zu verbrennen versuchte und die Sterne unsterblich blieben.<\/p>\n\n\n\n<p><strong>Musik | Rezitation<br><\/strong>Julia Boegershausen, Bj\u00f6rn Bewerich<\/p>\n\n\n\n<p><strong>Politik, Gesellschaft, Historie<br><\/strong>Felix Pankonin <\/p>\n\n\n\n<p><strong>8. M\u00e4rz 2023 | 19:30 Uhr | Christian-Weise-Bibliothek<\/strong><br>Der Eintritt ist frei.<\/p>\n","protected":false},"excerpt":{"rendered":"<p>Die Veranstaltung erinnert an die B\u00fccherverbrennung in Zittau am 8. M\u00e4rz 1933 und all die vielen &#8222;verschwundenen&#8220; B\u00fccher in der Zeit des Nationalsozialismus: Sie erinnert daran, wie eine damalige wissenschaftliche Elite den deutschen Geist zu verbrennen versuchte und die Sterne unsterblich blieben.<\/p>\n","protected":false},"author":1,"featured_media":2127,"comment_status":"open","ping_status":"open","sticky":false,"template":"","format":"standard","meta":{"_themeisle_gutenberg_block_has_review":false,"footnotes":""},"categories":[212,143,144,1,149],"tags":[50,215,209],"jetpack_featured_media_url":"http:\/\/hillerschevilla.de\/netzwerkstatt-blog\/wp-content\/uploads\/2023\/02\/Blogbild.png","_links":{"self":[{"href":"http:\/\/hillerschevilla.de\/netzwerkstatt-blog\/wp-json\/wp\/v2\/posts\/2123"}],"collection":[{"href":"http:\/\/hillerschevilla.de\/netzwerkstatt-blog\/wp-json\/wp\/v2\/posts"}],"about":[{"href":"http:\/\/hillerschevilla.de\/netzwerkstatt-blog\/wp-json\/wp\/v2\/types\/post"}],"author":[{"embeddable":true,"href":"http:\/\/hillerschevilla.de\/netzwerkstatt-blog\/wp-json\/wp\/v2\/users\/1"}],"replies":[{"embeddable":true,"href":"http:\/\/hillerschevilla.de\/netzwerkstatt-blog\/wp-json\/wp\/v2\/comments?post=2123"}],"version-history":[{"count":5,"href":"http:\/\/hillerschevilla.de\/netzwerkstatt-blog\/wp-json\/wp\/v2\/posts\/2123\/revisions"}],"predecessor-version":[{"id":2129,"href":"http:\/\/hillerschevilla.de\/netzwerkstatt-blog\/wp-json\/wp\/v2\/posts\/2123\/revisions\/2129"}],"wp:featuredmedia":[{"embeddable":true,"href":"http:\/\/hillerschevilla.de\/netzwerkstatt-blog\/wp-json\/wp\/v2\/media\/2127"}],"wp:attachment":[{"href":"http:\/\/hillerschevilla.de\/netzwerkstatt-blog\/wp-json\/wp\/v2\/media?parent=2123"}],"wp:term":[{"taxonomy":"category","embeddable":true,"href":"http:\/\/hillerschevilla.de\/netzwerkstatt-blog\/wp-json\/wp\/v2\/categories?post=2123"},{"taxonomy":"post_tag","embeddable":true,"href":"http:\/\/hillerschevilla.de\/netzwerkstatt-blog\/wp-json\/wp\/v2\/tags?post=2123"}],"curies":[{"name":"wp","href":"https:\/\/api.w.org\/{rel}","templated":true}]}}