{"id":1136,"date":"2021-07-27T14:12:16","date_gmt":"2021-07-27T12:12:16","guid":{"rendered":"http:\/\/hillerschevilla.de\/netzwerkstatt-blog\/?p=1136"},"modified":"2021-12-08T09:51:21","modified_gmt":"2021-12-08T08:51:21","slug":"gedenkspuren-erfahren","status":"publish","type":"post","link":"https:\/\/hillerschevilla.de\/netzwerkstatt-blog\/gedenkspuren-erfahren\/","title":{"rendered":"Gedenkspuren erfahren"},"content":{"rendered":"\n<p>Die Vernetzung und Weiterbildung zeitgeschichtlich engagierter und interessierter Menschen ist ein Teil unserer Arbeit innerhalb der Fachstelle ZEIT\/GESCHICHTEN Oberlausitz. Dies nahmen wir zum Anlass mit insgesamt 18 Personen die Gedenkst\u00e4tte Pirna-Sonnenstein zu besuchen.<\/p>\n\n\n\n<p>Dieser Gedenkort bringt auf eindr\u00fcckliche und bedr\u00fcckende Weise n\u00e4her, das \u201eGeschichte\u201c nie weit ab geschieht \u2013 sondern vor der eigenen \u201eHaust\u00fcr\u201c, in der eigenen Region.<\/p>\n\n\n\n<p>Im Zuge des Euthanasie-Programms T4 wurden in der T\u00f6tungsanstalt Pirna-Sonnenstein zwischen 1940 und 1941 15.000 Menschen ermordet. U.a. 160 Kinder und Jugendliche wurden dabei aus dem Katharinenhof Gro\u00dfhennersdorf abtransportiert und umgebracht.<\/p>\n\n\n\n<p>Innerhalb einer fachkundigen F\u00fchrung lernten die Anwesenden einige dieser Schicksale n\u00e4her kennen. Der zweite Teil der Weiterbildung blickte ins heute \u2013 hier lernten alle Teilnehmenden das Projekt \u201eGedenkspur spr\u00fchen\u201c kennen \u2013 welches durch die Aktion Zivilcourage im Stadtbild von Pirna umgesetzt wird. Mit Schablonen und Spray gestalteten wir eine Stra\u00dfenzeile im Stadtzentrum und kamen dabei mit Interessierten vor Ort ins Gespr\u00e4ch.<\/p>\n\n\n\n<p>Nach einem intensiven Tag voller Informationen, Eindr\u00fccken und Begegnungen traten wir am sp\u00e4ten Nachmittag die Heimfahrt Richtung Zittau an.<\/p>\n\n\n\n<p>Herzlichen Dank f\u00fcr das Interesse aller Mitfahrer:innen, aber auch der Gedenkst\u00e4tte Pirna-Sonnenstein und der Aktion Zivilcourage.<\/p>\n\n\n\n<p><\/p>\n\n\n\n<p><\/p>\n\n\n\n<figure class=\"wp-block-image size-large\"><img decoding=\"async\" loading=\"lazy\" width=\"768\" height=\"1024\" src=\"http:\/\/hillerschevilla.de\/netzwerkstatt-blog\/wp-content\/uploads\/2021\/07\/2021-07-12_Gedenkspur-spruehen-Pirna_13-768x1024.jpg\" alt=\"\" class=\"wp-image-1137\" srcset=\"https:\/\/hillerschevilla.de\/netzwerkstatt-blog\/wp-content\/uploads\/2021\/07\/2021-07-12_Gedenkspur-spruehen-Pirna_13-768x1024.jpg 768w, https:\/\/hillerschevilla.de\/netzwerkstatt-blog\/wp-content\/uploads\/2021\/07\/2021-07-12_Gedenkspur-spruehen-Pirna_13-165x220.jpg 165w, https:\/\/hillerschevilla.de\/netzwerkstatt-blog\/wp-content\/uploads\/2021\/07\/2021-07-12_Gedenkspur-spruehen-Pirna_13-228x304.jpg 228w, https:\/\/hillerschevilla.de\/netzwerkstatt-blog\/wp-content\/uploads\/2021\/07\/2021-07-12_Gedenkspur-spruehen-Pirna_13-518x690.jpg 518w, https:\/\/hillerschevilla.de\/netzwerkstatt-blog\/wp-content\/uploads\/2021\/07\/2021-07-12_Gedenkspur-spruehen-Pirna_13-1152x1536.jpg 1152w, https:\/\/hillerschevilla.de\/netzwerkstatt-blog\/wp-content\/uploads\/2021\/07\/2021-07-12_Gedenkspur-spruehen-Pirna_13-1536x2048.jpg 1536w, https:\/\/hillerschevilla.de\/netzwerkstatt-blog\/wp-content\/uploads\/2021\/07\/2021-07-12_Gedenkspur-spruehen-Pirna_13-113x150.jpg 113w, https:\/\/hillerschevilla.de\/netzwerkstatt-blog\/wp-content\/uploads\/2021\/07\/2021-07-12_Gedenkspur-spruehen-Pirna_13-225x300.jpg 225w, https:\/\/hillerschevilla.de\/netzwerkstatt-blog\/wp-content\/uploads\/2021\/07\/2021-07-12_Gedenkspur-spruehen-Pirna_13.jpg 1920w\" sizes=\"(max-width: 768px) 100vw, 768px\" \/><\/figure>\n\n\n\n<p><\/p>\n","protected":false},"excerpt":{"rendered":"<p>Die Vernetzung und Weiterbildung zeitgeschichtlich engagierter und interessierter Menschen ist ein Teil unserer Arbeit innerhalb der Fachstelle ZEIT\/GESCHICHTEN Oberlausitz. Dies nahmen wir zum Anlass mit insgesamt 18 Personen die Gedenkst\u00e4tte Pirna-Sonnenstein zu besuchen. Dieser Gedenkort bringt auf eindr\u00fcckliche und bedr\u00fcckende Weise n\u00e4her, das \u201eGeschichte\u201c nie weit ab geschieht \u2013 sondern vor der eigenen \u201eHaust\u00fcr\u201c, in<\/p>\n","protected":false},"author":1,"featured_media":1137,"comment_status":"open","ping_status":"open","sticky":false,"template":"","format":"standard","meta":{"_themeisle_gutenberg_block_has_review":false,"footnotes":""},"categories":[1],"tags":[160],"jetpack_featured_media_url":"https:\/\/hillerschevilla.de\/netzwerkstatt-blog\/wp-content\/uploads\/2021\/07\/2021-07-12_Gedenkspur-spruehen-Pirna_13.jpg","_links":{"self":[{"href":"https:\/\/hillerschevilla.de\/netzwerkstatt-blog\/wp-json\/wp\/v2\/posts\/1136"}],"collection":[{"href":"https:\/\/hillerschevilla.de\/netzwerkstatt-blog\/wp-json\/wp\/v2\/posts"}],"about":[{"href":"https:\/\/hillerschevilla.de\/netzwerkstatt-blog\/wp-json\/wp\/v2\/types\/post"}],"author":[{"embeddable":true,"href":"https:\/\/hillerschevilla.de\/netzwerkstatt-blog\/wp-json\/wp\/v2\/users\/1"}],"replies":[{"embeddable":true,"href":"https:\/\/hillerschevilla.de\/netzwerkstatt-blog\/wp-json\/wp\/v2\/comments?post=1136"}],"version-history":[{"count":2,"href":"https:\/\/hillerschevilla.de\/netzwerkstatt-blog\/wp-json\/wp\/v2\/posts\/1136\/revisions"}],"predecessor-version":[{"id":1139,"href":"https:\/\/hillerschevilla.de\/netzwerkstatt-blog\/wp-json\/wp\/v2\/posts\/1136\/revisions\/1139"}],"wp:featuredmedia":[{"embeddable":true,"href":"https:\/\/hillerschevilla.de\/netzwerkstatt-blog\/wp-json\/wp\/v2\/media\/1137"}],"wp:attachment":[{"href":"https:\/\/hillerschevilla.de\/netzwerkstatt-blog\/wp-json\/wp\/v2\/media?parent=1136"}],"wp:term":[{"taxonomy":"category","embeddable":true,"href":"https:\/\/hillerschevilla.de\/netzwerkstatt-blog\/wp-json\/wp\/v2\/categories?post=1136"},{"taxonomy":"post_tag","embeddable":true,"href":"https:\/\/hillerschevilla.de\/netzwerkstatt-blog\/wp-json\/wp\/v2\/tags?post=1136"}],"curies":[{"name":"wp","href":"https:\/\/api.w.org\/{rel}","templated":true}]}}