{"id":1661,"date":"2022-05-10T15:30:11","date_gmt":"2022-05-10T13:30:11","guid":{"rendered":"http:\/\/hillerschevilla.de\/netzwerkstatt-blog\/?p=1661"},"modified":"2022-05-11T11:51:39","modified_gmt":"2022-05-11T09:51:39","slug":"wir-sind-anne","status":"publish","type":"post","link":"https:\/\/hillerschevilla.de\/netzwerkstatt-blog\/wir-sind-anne\/","title":{"rendered":"&#8222;Wir sind Anne&#8220;"},"content":{"rendered":"\n<p>Nach zwei Jahren Pause ging es endlich wieder los! Zum achten mal trafen Sch\u00fcler*innen der Herrnhuter Zinzendorf Schulen und Johann-Amos-Comenius-Schule f\u00fcr ein Projekt aufeinander. In diesem Jahr nahmen je zehn Sch\u00fcler*innen der zwei Herrnhuter Schulen teil. Gemeinsam verbrachten sie vier Tage im Internationalen Begegnungszentrum St. Marienthal. Kern des Projekts ist \u201eBegegnung\u201c in zweierlei Hinsicht.<\/p>\n\n\n\n<p>Begegnung miteinander. Die Sch\u00fcler*innen beider Schulen interagieren im Alltag nur selten miteinander. Das zeigt sich zum Beispiel auf dem gemeinsamen Schulweg. Das Projekt soll Br\u00fccken zwischen den Schulen und vor allem den Sch\u00fcler*innen zweier unterschiedlicher Schulen schaffen, indem sie sich n\u00e4her kennenlernen und Dialog angeregt wird. Die gemeinsamen Tage wurden in gro\u00dfer Runde oder in kleinen gemischten Gruppen verbracht und neben Kennlern- und Aktivierungsspielen viel Zeit unter blauem Himmel an der frischen Luft verbracht. Die Gemeinsamkeit der Schulen ist ihr christlicher Hintergrund. So wurde zum gemeinsamen Start in den Tag an jedem Morgen eine Andacht abgehalten und gesungen.<\/p>\n\n\n\n<p>Begegnung mit einem Thema. Die Netzwerkstatt besch\u00e4ftigt sich vor dem Hintergrund der <a href=\"https:\/\/deine-anne-zittau.info\">Wanderausstellung<\/a>, welche im Sommer dieses Jahres in der Zittauer Johanneskirche zu Gast sein wird, mit dem Thema Anne Frank und organisiert ein umfangreiches Rahmenprogramm. Anne Frank sollte auch das Thema der diesj\u00e4hrigen Begegnung in Ostritz sein. Die Sch\u00fcler*innen besch\u00e4ftigten sich mit ausgew\u00e4hlten Textpassagen aus Anne Franks Tagebuch und arbeiteten in drei \u201eWerkst\u00e4tten,\u201c Theater, Musik und Kunst. Kern der Auseinandersetzung waren die Emotionen, welche die Sch\u00fcler*innen zu den Themen <em>verstecken, im Versteck leben<\/em> und <em>Flucht<\/em> entwickeln. Die Ergebnisse der Kunst-Werkstatt und Eindr\u00fccke vom Theaterst\u00fcck \u201eWir sind Anne\u201c sollen in Zittau in einem Schaufenster ausgestellt werden.<\/p>\n\n\n\n<div class=\"wp-block-columns is-layout-flex wp-container-3 wp-block-columns-is-layout-flex\">\n<div class=\"wp-block-column is-layout-flow wp-block-column-is-layout-flow\">\n<figure class=\"wp-block-image size-large\"><img decoding=\"async\" loading=\"lazy\" width=\"449\" height=\"299\" src=\"http:\/\/hillerschevilla.de\/netzwerkstatt-blog\/wp-content\/uploads\/2022\/05\/IMG20220506104746-edited-1-449x299.jpg\" alt=\"\" class=\"wp-image-1667\" srcset=\"https:\/\/hillerschevilla.de\/netzwerkstatt-blog\/wp-content\/uploads\/2022\/05\/IMG20220506104746-edited-1-449x299.jpg 449w, https:\/\/hillerschevilla.de\/netzwerkstatt-blog\/wp-content\/uploads\/2022\/05\/IMG20220506104746-edited-1-290x193.jpg 290w, https:\/\/hillerschevilla.de\/netzwerkstatt-blog\/wp-content\/uploads\/2022\/05\/IMG20220506104746-edited-1-940x626.jpg 940w, https:\/\/hillerschevilla.de\/netzwerkstatt-blog\/wp-content\/uploads\/2022\/05\/IMG20220506104746-edited-1-768x512.jpg 768w, https:\/\/hillerschevilla.de\/netzwerkstatt-blog\/wp-content\/uploads\/2022\/05\/IMG20220506104746-edited-1-1536x1023.jpg 1536w, https:\/\/hillerschevilla.de\/netzwerkstatt-blog\/wp-content\/uploads\/2022\/05\/IMG20220506104746-edited-1-2048x1365.jpg 2048w, https:\/\/hillerschevilla.de\/netzwerkstatt-blog\/wp-content\/uploads\/2022\/05\/IMG20220506104746-edited-1-211x141.jpg 211w\" sizes=\"(max-width: 449px) 100vw, 449px\" \/><figcaption>Vor dem Eingang zum Versteck wurde ein schwenkbarer Schrank installiert. Diesen zeigt dieses Werk aus der Kunst-Werkstatt.<\/figcaption><\/figure>\n<\/div>\n\n\n\n<div class=\"wp-block-column is-layout-flow wp-block-column-is-layout-flow\">\n<figure class=\"wp-block-image size-large\"><img decoding=\"async\" loading=\"lazy\" width=\"449\" height=\"299\" src=\"http:\/\/hillerschevilla.de\/netzwerkstatt-blog\/wp-content\/uploads\/2022\/05\/IMG_0942-449x299.jpg\" alt=\"\" class=\"wp-image-1665\" srcset=\"https:\/\/hillerschevilla.de\/netzwerkstatt-blog\/wp-content\/uploads\/2022\/05\/IMG_0942-449x299.jpg 449w, https:\/\/hillerschevilla.de\/netzwerkstatt-blog\/wp-content\/uploads\/2022\/05\/IMG_0942-290x193.jpg 290w, https:\/\/hillerschevilla.de\/netzwerkstatt-blog\/wp-content\/uploads\/2022\/05\/IMG_0942-940x627.jpg 940w, https:\/\/hillerschevilla.de\/netzwerkstatt-blog\/wp-content\/uploads\/2022\/05\/IMG_0942-768x512.jpg 768w, https:\/\/hillerschevilla.de\/netzwerkstatt-blog\/wp-content\/uploads\/2022\/05\/IMG_0942-1536x1024.jpg 1536w, https:\/\/hillerschevilla.de\/netzwerkstatt-blog\/wp-content\/uploads\/2022\/05\/IMG_0942-2048x1365.jpg 2048w, https:\/\/hillerschevilla.de\/netzwerkstatt-blog\/wp-content\/uploads\/2022\/05\/IMG_0942-211x141.jpg 211w\" sizes=\"(max-width: 449px) 100vw, 449px\" \/><figcaption>Zur Ann\u00e4herung zum Thema geh\u00f6rte das gemeinsame lesen und vorlesen des Tagebuchs der Anne Frank.<\/figcaption><\/figure>\n<\/div>\n<\/div>\n\n\n\n<p>Die Ergebnisse der Projektwoche, ein musikalisch untermahltes Theaterst\u00fcck sowie die entstandenen Kunstwerke, wurden am letzten Tag als gemeinsame Pr\u00e4sentation in kleiner Runde vorgestellt. Die Zuschauer*innen wurden von einem begeisterten Sch\u00fcler in Empfang genommen, der zugleich seine Aufgabe an der Gitarre ank\u00fcndigte. Die mitrei\u00dfende Begr\u00fc\u00dfung m\u00fcndete in die Vorstellung der Kunst-Werkstatt, dessen Bilder zum Teil tiefgr\u00fcndig gedeutet werden k\u00f6nnen. Die Arbeit und Sorgfalt der Sch\u00fcler*innen wurde in ihren Bildern deutlich. Die Kunst- und Theaterwerkstatt schafften mit ihrer gemeinsamen Pr\u00e4sentation eine geladene Atmosph\u00e4re, da die Szenen des kleinen Theaterst\u00fcckes um Stimmungen der Musiker*innen und ein j\u00fcdisches Lied zu einem Gesamtkunstwerk erg\u00e4nzt wurden. Hier war besonders spannend, wie die Sch\u00fcler*innen, die unterschiedliches Vorwissen mitbringen, gemeinsam musiziert und ein besonderes Projektergebnis geschaffen haben.<\/p>\n\n\n\n<p>TS<\/p>\n\n\n\n<div class=\"wp-block-columns is-layout-flex wp-container-6 wp-block-columns-is-layout-flex\">\n<div class=\"wp-block-column is-layout-flow wp-block-column-is-layout-flow\">\n<figure class=\"wp-block-image size-large\"><img decoding=\"async\" loading=\"lazy\" width=\"449\" height=\"299\" src=\"http:\/\/hillerschevilla.de\/netzwerkstatt-blog\/wp-content\/uploads\/2022\/05\/IMG_1077-449x299.jpg\" alt=\"\" class=\"wp-image-1664\" srcset=\"https:\/\/hillerschevilla.de\/netzwerkstatt-blog\/wp-content\/uploads\/2022\/05\/IMG_1077-449x299.jpg 449w, https:\/\/hillerschevilla.de\/netzwerkstatt-blog\/wp-content\/uploads\/2022\/05\/IMG_1077-290x193.jpg 290w, https:\/\/hillerschevilla.de\/netzwerkstatt-blog\/wp-content\/uploads\/2022\/05\/IMG_1077-940x627.jpg 940w, https:\/\/hillerschevilla.de\/netzwerkstatt-blog\/wp-content\/uploads\/2022\/05\/IMG_1077-768x512.jpg 768w, https:\/\/hillerschevilla.de\/netzwerkstatt-blog\/wp-content\/uploads\/2022\/05\/IMG_1077-1536x1024.jpg 1536w, https:\/\/hillerschevilla.de\/netzwerkstatt-blog\/wp-content\/uploads\/2022\/05\/IMG_1077-2048x1365.jpg 2048w, https:\/\/hillerschevilla.de\/netzwerkstatt-blog\/wp-content\/uploads\/2022\/05\/IMG_1077-211x141.jpg 211w\" sizes=\"(max-width: 449px) 100vw, 449px\" \/><figcaption>Hier hat die Musik-Werkstatt flei\u00dfig das j\u00fcdische Musikst\u00fcck &#8222;Scholem Sol Sajn&#8220; ge\u00fcbt.<\/figcaption><\/figure>\n<\/div>\n\n\n\n<div class=\"wp-block-column is-layout-flow wp-block-column-is-layout-flow\">\n<figure class=\"wp-block-image size-large\"><img decoding=\"async\" loading=\"lazy\" width=\"2560\" height=\"1709\" src=\"http:\/\/hillerschevilla.de\/netzwerkstatt-blog\/wp-content\/uploads\/2022\/05\/IMG_0952-edited-scaled.jpg\" alt=\"\" class=\"wp-image-1670\" srcset=\"https:\/\/hillerschevilla.de\/netzwerkstatt-blog\/wp-content\/uploads\/2022\/05\/IMG_0952-edited-scaled.jpg 2560w, https:\/\/hillerschevilla.de\/netzwerkstatt-blog\/wp-content\/uploads\/2022\/05\/IMG_0952-edited-290x194.jpg 290w, https:\/\/hillerschevilla.de\/netzwerkstatt-blog\/wp-content\/uploads\/2022\/05\/IMG_0952-edited-449x300.jpg 449w, https:\/\/hillerschevilla.de\/netzwerkstatt-blog\/wp-content\/uploads\/2022\/05\/IMG_0952-edited-940x627.jpg 940w, https:\/\/hillerschevilla.de\/netzwerkstatt-blog\/wp-content\/uploads\/2022\/05\/IMG_0952-edited-768x513.jpg 768w, https:\/\/hillerschevilla.de\/netzwerkstatt-blog\/wp-content\/uploads\/2022\/05\/IMG_0952-edited-1536x1025.jpg 1536w, https:\/\/hillerschevilla.de\/netzwerkstatt-blog\/wp-content\/uploads\/2022\/05\/IMG_0952-edited-2048x1367.jpg 2048w, https:\/\/hillerschevilla.de\/netzwerkstatt-blog\/wp-content\/uploads\/2022\/05\/IMG_0952-edited-211x141.jpg 211w\" sizes=\"(max-width: 2560px) 100vw, 2560px\" \/><figcaption>Jede*r Sch\u00fcler*in bekam ein eigenes Heft, das an Annes Tagebuch erinnert und zur individuellen Dokumentation der Tage und dar\u00fcber hinaus genutzt werden sollte.<\/figcaption><\/figure>\n<\/div>\n<\/div>\n","protected":false},"excerpt":{"rendered":"<p>Nach zwei Jahren Pause ging es endlich wieder los! Zum achten mal trafen Sch\u00fcler*innen der Herrnhuter Zinzendorf Schulen und Johann-Amos-Comenius-Schule f\u00fcr ein Projekt aufeinander. <\/p>\n","protected":false},"author":1,"featured_media":1662,"comment_status":"open","ping_status":"open","sticky":false,"template":"","format":"standard","meta":{"_themeisle_gutenberg_block_has_review":false,"footnotes":""},"categories":[144,1,149],"tags":[72,174],"jetpack_featured_media_url":"https:\/\/hillerschevilla.de\/netzwerkstatt-blog\/wp-content\/uploads\/2022\/05\/IMG_0970-1-scaled.jpg","_links":{"self":[{"href":"https:\/\/hillerschevilla.de\/netzwerkstatt-blog\/wp-json\/wp\/v2\/posts\/1661"}],"collection":[{"href":"https:\/\/hillerschevilla.de\/netzwerkstatt-blog\/wp-json\/wp\/v2\/posts"}],"about":[{"href":"https:\/\/hillerschevilla.de\/netzwerkstatt-blog\/wp-json\/wp\/v2\/types\/post"}],"author":[{"embeddable":true,"href":"https:\/\/hillerschevilla.de\/netzwerkstatt-blog\/wp-json\/wp\/v2\/users\/1"}],"replies":[{"embeddable":true,"href":"https:\/\/hillerschevilla.de\/netzwerkstatt-blog\/wp-json\/wp\/v2\/comments?post=1661"}],"version-history":[{"count":6,"href":"https:\/\/hillerschevilla.de\/netzwerkstatt-blog\/wp-json\/wp\/v2\/posts\/1661\/revisions"}],"predecessor-version":[{"id":1676,"href":"https:\/\/hillerschevilla.de\/netzwerkstatt-blog\/wp-json\/wp\/v2\/posts\/1661\/revisions\/1676"}],"wp:featuredmedia":[{"embeddable":true,"href":"https:\/\/hillerschevilla.de\/netzwerkstatt-blog\/wp-json\/wp\/v2\/media\/1662"}],"wp:attachment":[{"href":"https:\/\/hillerschevilla.de\/netzwerkstatt-blog\/wp-json\/wp\/v2\/media?parent=1661"}],"wp:term":[{"taxonomy":"category","embeddable":true,"href":"https:\/\/hillerschevilla.de\/netzwerkstatt-blog\/wp-json\/wp\/v2\/categories?post=1661"},{"taxonomy":"post_tag","embeddable":true,"href":"https:\/\/hillerschevilla.de\/netzwerkstatt-blog\/wp-json\/wp\/v2\/tags?post=1661"}],"curies":[{"name":"wp","href":"https:\/\/api.w.org\/{rel}","templated":true}]}}