{"id":1963,"date":"2022-10-05T12:55:36","date_gmt":"2022-10-05T10:55:36","guid":{"rendered":"http:\/\/hillerschevilla.de\/netzwerkstatt-blog\/?p=1963"},"modified":"2022-10-05T12:55:37","modified_gmt":"2022-10-05T10:55:37","slug":"exkursion-nach-usti","status":"publish","type":"post","link":"https:\/\/hillerschevilla.de\/netzwerkstatt-blog\/exkursion-nach-usti\/","title":{"rendered":"Die Netzwerkstatt auf Exkursion nach \u00dast\u00ed"},"content":{"rendered":"\n<p>\u00dast\u00ed nad Labem am 13. September 2022<\/p>\n\n\n\n<p>Von G\u00f6rlitz und Zittau aus machte sich das Team der Netzwerkstatt auf in die Stadt \u00dast\u00ed, denn es rief die Ausstellung <em>Unsere Deutschen<\/em> \u00fcber die deutschsprachige Bev\u00f6lkerung in B\u00f6hmen und M\u00e4hren und das Zusammenleben der deutsch- und tschechischsprachigen Menschen im Laufe der letzten 800 Jahren in den Regionen, die politischen Verh\u00e4ltnisse und K\u00e4mpfe, die die Bev\u00f6lkerung pr\u00e4gte. Die Dauerausstellung ist seit letztem Jahr er\u00f6ffnet und wohl <a href=\"https:\/\/www.elbelabe.eu\/poi\/m\/stadtmuseum-st-nad-labem\/\">die einzige Ausstellung zu diesem Thema in Tschechien<\/a>.<\/p>\n\n\n\n<p>Die Zeit der letzten Jahrzehnte wurde uns in einer F\u00fchrung n\u00e4her erl\u00e4utert, welche wir auf Deutsch genie\u00dfen durften (danke daf\u00fcr an Jonathan vom <a href=\"https:\/\/www.collegiumbohemicum.cz\/de\/\">Collegium Bohemicum<\/a>).<\/p>\n\n\n\n<p>Alle Ausstellungstexte sind dabei zweisprachig, sie ergeben mit raffinierten Einbauten in rund 20 Ausstellungsr\u00e4umen eine ansprechende \u201eKomposition\u201c, inklusive eines projizierten Hologramms. &nbsp;<\/p>\n\n\n\n<p>Nach viel Input und einem leckeren Mittagessen um der Ecke des <a href=\"https:\/\/www.muzeumusti.cz\/de\/\">Stadtmuseums<\/a>, ging unsere Erkundungstour Richtung Ausguckpunkt. Das <a href=\"https:\/\/www.usti-nad-labem.cz\/files\/de\/touristen\/top-ausflugstipps\/vetruse-skladacka_czde_final.pdf\"><strong>Ausflugsschl\u00f6sschen V\u011btru\u0161e<\/strong><\/a> erreichten wir \u00fcber die markante Seilbahn in der Stadt. Wir genossen die Aussicht \u00fcber die Elbe und die umliegenden Gebirge, erklommen den Turm des Schl\u00f6sschens und schl\u00fcrften hausgemachte Limo. Das gro\u00dfe Abendteuer erwartete uns dann zum Schluss: der ausgewiesene Wanderweg endete im Gr\u00fcn mit steilem Anhang. Die meisten im Team sind aber ja zum Gl\u00fcck das Zittauer Gebirge, Iser- und auch Riesengebirge schon hoch und runter gewandert, sodass der Steilhang auch mit Bravour gemeistert wurde.<\/p>\n\n\n\n<p>YV und PW<\/p>\n\n\n\n<div class=\"wp-block-columns is-layout-flex wp-container-2 wp-block-columns-is-layout-flex\">\n<div class=\"wp-block-column is-layout-flow wp-block-column-is-layout-flow\" style=\"flex-basis:100%\">\n<div class=\"wp-block-jetpack-tiled-gallery aligncenter is-style-rectangular\"><div class=\"tiled-gallery__gallery\"><div class=\"tiled-gallery__row\"><div class=\"tiled-gallery__col\" style=\"flex-basis:50.00000%\"><figure class=\"tiled-gallery__item\"><img decoding=\"async\" srcset=\"https:\/\/i1.wp.com\/hillerschevilla.de\/netzwerkstatt-blog\/wp-content\/uploads\/2022\/10\/IMG_9272-1-405x304.jpg?strip=info&#038;w=600 600w,https:\/\/i1.wp.com\/hillerschevilla.de\/netzwerkstatt-blog\/wp-content\/uploads\/2022\/10\/IMG_9272-1-405x304.jpg?strip=info&#038;w=640 640w\" alt=\"\" data-height=\"480\" data-id=\"1970\" data-link=\"http:\/\/hillerschevilla.de\/netzwerkstatt-blog\/?attachment_id=1970\" data-url=\"http:\/\/hillerschevilla.de\/netzwerkstatt-blog\/wp-content\/uploads\/2022\/10\/IMG_9272-1-405x304.jpg\" data-width=\"640\" src=\"https:\/\/i1.wp.com\/hillerschevilla.de\/netzwerkstatt-blog\/wp-content\/uploads\/2022\/10\/IMG_9272-1-405x304.jpg\" data-amp-layout=\"responsive\"\/><\/figure><\/div><div class=\"tiled-gallery__col\" style=\"flex-basis:50.00000%\"><figure class=\"tiled-gallery__item\"><img decoding=\"async\" srcset=\"https:\/\/i1.wp.com\/hillerschevilla.de\/netzwerkstatt-blog\/wp-content\/uploads\/2022\/10\/IMG_9273-1-405x304.jpg?strip=info&#038;w=600 600w,https:\/\/i1.wp.com\/hillerschevilla.de\/netzwerkstatt-blog\/wp-content\/uploads\/2022\/10\/IMG_9273-1-405x304.jpg?strip=info&#038;w=640 640w\" alt=\"\" data-height=\"480\" data-id=\"1971\" data-link=\"http:\/\/hillerschevilla.de\/netzwerkstatt-blog\/?attachment_id=1971\" data-url=\"http:\/\/hillerschevilla.de\/netzwerkstatt-blog\/wp-content\/uploads\/2022\/10\/IMG_9273-1-405x304.jpg\" data-width=\"640\" src=\"https:\/\/i1.wp.com\/hillerschevilla.de\/netzwerkstatt-blog\/wp-content\/uploads\/2022\/10\/IMG_9273-1-405x304.jpg\" data-amp-layout=\"responsive\"\/><\/figure><\/div><\/div><\/div><\/div>\n<\/div>\n<\/div>\n","protected":false},"excerpt":{"rendered":"<p>Von G\u00f6rlitz und Zittau aus machte sich das Team der Netzwerkstatt auf in die Stadt \u00dast\u00ed, denn es rief die Ausstellung Unsere Deutschen \u00fcber die deutschsprachige Bev\u00f6lkerung in B\u00f6hmen und M\u00e4hren und das Zusammenleben der deutsch- und tschechischsprachigen Menschen im Laufe der letzten 800 Jahren in den Regionen, die politischen Verh\u00e4ltnisse und K\u00e4mpfe, die die Bev\u00f6lkerung pr\u00e4gte.<\/p>\n","protected":false},"author":1,"featured_media":1972,"comment_status":"open","ping_status":"open","sticky":false,"template":"","format":"standard","meta":{"_themeisle_gutenberg_block_has_review":false,"footnotes":""},"categories":[1,149],"tags":[203],"jetpack_featured_media_url":"https:\/\/hillerschevilla.de\/netzwerkstatt-blog\/wp-content\/uploads\/2022\/10\/IMG_9262.jpg","_links":{"self":[{"href":"https:\/\/hillerschevilla.de\/netzwerkstatt-blog\/wp-json\/wp\/v2\/posts\/1963"}],"collection":[{"href":"https:\/\/hillerschevilla.de\/netzwerkstatt-blog\/wp-json\/wp\/v2\/posts"}],"about":[{"href":"https:\/\/hillerschevilla.de\/netzwerkstatt-blog\/wp-json\/wp\/v2\/types\/post"}],"author":[{"embeddable":true,"href":"https:\/\/hillerschevilla.de\/netzwerkstatt-blog\/wp-json\/wp\/v2\/users\/1"}],"replies":[{"embeddable":true,"href":"https:\/\/hillerschevilla.de\/netzwerkstatt-blog\/wp-json\/wp\/v2\/comments?post=1963"}],"version-history":[{"count":5,"href":"https:\/\/hillerschevilla.de\/netzwerkstatt-blog\/wp-json\/wp\/v2\/posts\/1963\/revisions"}],"predecessor-version":[{"id":1973,"href":"https:\/\/hillerschevilla.de\/netzwerkstatt-blog\/wp-json\/wp\/v2\/posts\/1963\/revisions\/1973"}],"wp:featuredmedia":[{"embeddable":true,"href":"https:\/\/hillerschevilla.de\/netzwerkstatt-blog\/wp-json\/wp\/v2\/media\/1972"}],"wp:attachment":[{"href":"https:\/\/hillerschevilla.de\/netzwerkstatt-blog\/wp-json\/wp\/v2\/media?parent=1963"}],"wp:term":[{"taxonomy":"category","embeddable":true,"href":"https:\/\/hillerschevilla.de\/netzwerkstatt-blog\/wp-json\/wp\/v2\/categories?post=1963"},{"taxonomy":"post_tag","embeddable":true,"href":"https:\/\/hillerschevilla.de\/netzwerkstatt-blog\/wp-json\/wp\/v2\/tags?post=1963"}],"curies":[{"name":"wp","href":"https:\/\/api.w.org\/{rel}","templated":true}]}}